{"id":673,"date":"2026-09-03T00:00:54","date_gmt":"2026-09-03T00:00:54","guid":{"rendered":"https:\/\/fundaciondialogos.com\/autonomos\/?p=673"},"modified":"2026-09-02T14:12:38","modified_gmt":"2026-09-02T14:12:38","slug":"ia-para-autonomos-automatiza-tareas-y-gana-eficiencia","status":"publish","type":"post","link":"https:\/\/fundaciondialogos.com\/autonomos\/ia-para-autonomos-automatiza-tareas-y-gana-eficiencia\/","title":{"rendered":"IA para Aut\u00f3nomos: Automatiza tareas y gana eficiencia"},"content":{"rendered":"<div class=\"fusion-fullwidth fullwidth-box fusion-builder-row-1 fusion-flex-container has-pattern-background has-mask-background nonhundred-percent-fullwidth non-hundred-percent-height-scrolling\" style=\"--awb-border-radius-top-left:0px;--awb-border-radius-top-right:0px;--awb-border-radius-bottom-right:0px;--awb-border-radius-bottom-left:0px;--awb-flex-wrap:wrap;\" ><div class=\"fusion-builder-row fusion-row fusion-flex-align-items-flex-start fusion-flex-content-wrap\" style=\"max-width:1248px;margin-left: calc(-4% \/ 2 );margin-right: calc(-4% \/ 2 );\"><div class=\"fusion-layout-column fusion_builder_column fusion-builder-column-0 fusion_builder_column_1_1 1_1 fusion-flex-column\" style=\"--awb-padding-top:20px;--awb-padding-right:20px;--awb-padding-bottom:20px;--awb-padding-left:20px;--awb-overflow:hidden;--awb-bg-color:var(--awb-color3);--awb-bg-color-hover:var(--awb-color3);--awb-bg-size:cover;--awb-border-radius:20px 20px 20px 20px;--awb-width-large:100%;--awb-margin-top-large:40px;--awb-spacing-right-large:1.92%;--awb-margin-bottom-large:40px;--awb-spacing-left-large:1.92%;--awb-width-medium:100%;--awb-order-medium:0;--awb-spacing-right-medium:1.92%;--awb-spacing-left-medium:1.92%;--awb-width-small:100%;--awb-order-small:0;--awb-spacing-right-small:1.92%;--awb-spacing-left-small:1.92%;\" data-scroll-devices=\"small-visibility,medium-visibility,large-visibility\"><div class=\"fusion-column-wrapper fusion-column-has-shadow fusion-flex-justify-content-flex-start fusion-content-layout-column\"><div class=\"fusion-video fusion-youtube\" style=\"--awb-max-width:810px;--awb-max-height:473px;--awb-align-self:center;--awb-width:100%;\"><div class=\"video-shortcode\"><div class=\"fluid-width-video-wrapper\" style=\"padding-top:58.4%;\" ><iframe title=\"YouTube video player 1\" src=\"https:\/\/www.youtube.com\/embed\/iQe7lDG3ovM?wmode=transparent&autoplay=0\" width=\"810\" height=\"473\" allowfullscreen allow=\"autoplay; clipboard-write; encrypted-media; gyroscope; picture-in-picture;\"><\/iframe><\/div><\/div><\/div><\/div><\/div><div class=\"fusion-layout-column fusion_builder_column fusion-builder-column-1 fusion_builder_column_1_1 1_1 fusion-flex-column\" style=\"--awb-bg-size:cover;--awb-width-large:100%;--awb-margin-top-large:0px;--awb-spacing-right-large:1.92%;--awb-margin-bottom-large:20px;--awb-spacing-left-large:1.92%;--awb-width-medium:100%;--awb-order-medium:0;--awb-spacing-right-medium:1.92%;--awb-spacing-left-medium:1.92%;--awb-width-small:100%;--awb-order-small:0;--awb-spacing-right-small:1.92%;--awb-spacing-left-small:1.92%;\"><div class=\"fusion-column-wrapper fusion-column-has-shadow fusion-flex-justify-content-flex-start fusion-content-layout-column\"><div class=\"fusion-text fusion-text-1\"><p>Inteligencia Artificial.<\/p>\n<p>Estas dos palabras se han metido de lleno en las conversaciones y las agendas de miles de empresas, especialmente en los \u00faltimos a\u00f1os. Pero no se trata de algo exclusivo de grandes compa\u00f1\u00edas: la IA puede ayudar a miles de aut\u00f3nomos, tanto de grandes como de peque\u00f1os negocios, tanto en la ciudad como en el campo.<\/p>\n<p>\u00a1Y no hace falta tener grandes conocimientos t\u00e9cnicos! Solo se necesitan ganas de hacer crecer un proyecto.<\/p>\n<p>En este episodio de Formaci\u00f3n Fuera de Serie hablamos con <strong>Gustavo Beltr\u00e1n<\/strong>, director de IA en Humanaia, emprendedor, empresario, asesor de emprendedores y apasionado de la IA. Con \u00e9l comprenderemos mejor en qu\u00e9 consiste la IA, para qu\u00e9 sirve y qu\u00e9 herramientas hay, y descubriremos c\u00f3mo los trabajadores por cuenta propia pueden sacarle el m\u00e1ximo beneficio para conseguir que sus negocios vuelen.<\/p>\n<p>La IA se puede convertir en la mejor aliada para tu negocio si aprendes a utilizarla bien.<\/p>\n<\/div><div class=\"fusion-text fusion-text-2\"><p><a href=\"https:\/\/www.youtube.com\/watch?v=iQe7lDG3ovM\" target=\"_blank\" rel=\"noopener\">Ver en YouTube<\/a>\u00a0\/\u00a0<a href=\"https:\/\/open.spotify.com\/episode\/0JbP1UJ9JNVYsnwgNhg6Jt?si=a0ERiWfOR4iKj08GWqHEVA\" target=\"_blank\" rel=\"noopener\">Escuchar en Spotify<\/a><\/p>\n<\/div><\/div><\/div><\/div><\/div>\n","protected":false},"excerpt":{"rendered":"","protected":false},"author":1,"featured_media":686,"comment_status":"closed","ping_status":"closed","sticky":false,"template":"","format":"standard","meta":{"_acf_changed":false,"footnotes":""},"categories":[3],"tags":[27],"class_list":["post-673","post","type-post","status-publish","format-standard","has-post-thumbnail","hentry","category-podcast","tag-en-clave-autonomos"],"acf":[],"_links":{"self":[{"href":"https:\/\/fundaciondialogos.com\/autonomos\/wp-json\/wp\/v2\/posts\/673","targetHints":{"allow":["GET"]}}],"collection":[{"href":"https:\/\/fundaciondialogos.com\/autonomos\/wp-json\/wp\/v2\/posts"}],"about":[{"href":"https:\/\/fundaciondialogos.com\/autonomos\/wp-json\/wp\/v2\/types\/post"}],"author":[{"embeddable":true,"href":"https:\/\/fundaciondialogos.com\/autonomos\/wp-json\/wp\/v2\/users\/1"}],"replies":[{"embeddable":true,"href":"https:\/\/fundaciondialogos.com\/autonomos\/wp-json\/wp\/v2\/comments?post=673"}],"version-history":[{"count":7,"href":"https:\/\/fundaciondialogos.com\/autonomos\/wp-json\/wp\/v2\/posts\/673\/revisions"}],"predecessor-version":[{"id":715,"href":"https:\/\/fundaciondialogos.com\/autonomos\/wp-json\/wp\/v2\/posts\/673\/revisions\/715"}],"wp:featuredmedia":[{"embeddable":true,"href":"https:\/\/fundaciondialogos.com\/autonomos\/wp-json\/wp\/v2\/media\/686"}],"wp:attachment":[{"href":"https:\/\/fundaciondialogos.com\/autonomos\/wp-json\/wp\/v2\/media?parent=673"}],"wp:term":[{"taxonomy":"category","embeddable":true,"href":"https:\/\/fundaciondialogos.com\/autonomos\/wp-json\/wp\/v2\/categories?post=673"},{"taxonomy":"post_tag","embeddable":true,"href":"https:\/\/fundaciondialogos.com\/autonomos\/wp-json\/wp\/v2\/tags?post=673"}],"curies":[{"name":"wp","href":"https:\/\/api.w.org\/{rel}","templated":true}]}}